{"id":229,"date":"2026-09-06T04:09:35","date_gmt":"2026-09-06T02:09:35","guid":{"rendered":"https:\/\/adel-lahlou.fr\/blog\/index.php\/2026\/09\/06\/lmnp-plus-value-revente-fiscalite\/"},"modified":"2026-09-06T04:09:35","modified_gmt":"2026-09-06T02:09:35","slug":"lmnp-plus-value-revente-fiscalite","status":"publish","type":"post","link":"https:\/\/adel-lahlou.fr\/blog\/index.php\/2026\/09\/06\/lmnp-plus-value-revente-fiscalite\/","title":{"rendered":"LMNP plus-value revente fiscalit\u00e9 \u2013 ce qu&rsquo;il faut savoir"},"content":{"rendered":"\n<style>\n.oscar-article p, .oscar-article ul, .oscar-article ol { margin-top: 0.3em !important; margin-bottom: 0.3em !important; }\n.oscar-article ol { padding-left: 0.7em !important; }\n.oscar-article table { width: 100% !important; border-collapse: collapse !important; margin: 1em 0 !important; }\n.oscar-article th, .oscar-article td { border: 1px solid #e5e5e5 !important; padding: 0.6em 0.8em !important; text-align: left !important; }\n.oscar-article th { background-color: #f5f5f5 !important; font-weight: 600 !important; }\n.oscar-article caption { caption-side: top !important; text-align: left !important; font-style: italic !important; padding: 0.3em 0 !important; color: #555 !important; }\n<\/style>\n\n\n\n<div class=\"wp-block-group oscar-article\"><div class=\"wp-block-group__inner-container is-layout-flow wp-block-group-is-layout-flow\">\n\n<p class=\"wp-block-paragraph\">Investir en location meubl\u00e9e non professionnelle offre des avantages fiscaux r\u00e9els pendant la phase de d\u00e9tention. Mais la question de la sortie est trop souvent n\u00e9glig\u00e9e, alors que la fiscalit\u00e9 de la revente LMNP et de la plus-value peut consid\u00e9rablement r\u00e9duire le gain net r\u00e9alis\u00e9 si elle n&rsquo;a pas \u00e9t\u00e9 anticip\u00e9e.<\/p>\n\n\n\n<p class=\"wp-block-paragraph\">Depuis la r\u00e9forme introduite par la loi de finances 2025, les r\u00e8gles ont chang\u00e9 et la lmnp plus-value revente fiscalit\u00e9 est devenue un sujet encore plus sensible. Comprendre comment se calcule la plus-value, quels abattements s&rsquo;appliquent et comment optimiser le moment de la cession est d\u00e9sormais indispensable pour tout investisseur qui veut piloter son patrimoine de fa\u00e7on coh\u00e9rente.<\/p>\n\n\n\n<h2 class=\"wp-block-heading\" id=\"h-title\">LMNP plus-value revente fiscalit\u00e9 \u2013 ce qu&rsquo;il faut savoir<\/h2>\n\n\n\n<p class=\"wp-block-paragraph\">Temps de lecture : ~9 min<\/p>\n\n\n\n<ol class=\"wp-block-list\" id=\"h-toc\">\n\n<li><a href=\"#h-quel-regime-fiscal-sapplique-a-la-revente-dun-bien-lmnp\">Quel r\u00e9gime fiscal s&rsquo;applique \u00e0 la revente d&rsquo;un bien LMNP ?<\/a><\/li>\n\n\n<li><a href=\"#h-comment-se-calcule-la-plus-value-a-la-revente-dun-bien-lmnp\">Comment se calcule la plus-value \u00e0 la revente d&rsquo;un bien LMNP ?<\/a><\/li>\n\n\n<li><a href=\"#h-abattements-et-exonerations-selon-la-duree-de-detention\">Abattements et exon\u00e9rations selon la dur\u00e9e de d\u00e9tention<\/a><\/li>\n\n\n<li><a href=\"#h-lmnp-en-residence-de-services-des-specificites-a-ne-pas-ignorer\">LMNP en r\u00e9sidence de services : des sp\u00e9cificit\u00e9s \u00e0 ne pas ignorer<\/a><\/li>\n\n\n<li><a href=\"#h-comment-optimiser-la-fiscalite-de-sortie-dun-investissement-lmnp\">Comment optimiser la fiscalit\u00e9 de sortie d&rsquo;un investissement LMNP ?<\/a><\/li>\n\n\n<li><a href=\"#h-lmnp-versus-location-nue-quelle-difference-a-la-revente\">LMNP versus location nue : quelle diff\u00e9rence \u00e0 la revente ?<\/a><\/li>\n\n\n<li><a href=\"#h-faut-il-vendre-avant-ou-apres-la-reforme-des-amortissements-de-2025\">Faut-il vendre avant ou apr\u00e8s la r\u00e9forme des amortissements de 2025 ?<\/a><\/li>\n\n\n<li><a href=\"#h-aller-plus-loin-avec-lmnp-plus-value-revente-fiscalite\">Aller plus loin avec la lmnp plus-value revente fiscalit\u00e9<\/a><\/li>\n\n\n<li><a href=\"#h-questions-frequentes-sur-la-lmnp-plus-value-revente-fiscalite\">Questions fr\u00e9quentes sur la lmnp plus-value revente fiscalit\u00e9<\/a><\/li>\n\n<\/ol>\n\n\n\n<h2 class=\"wp-block-heading\" id=\"h-quel-regime-fiscal-sapplique-a-la-revente-dun-bien-lmnp\">Quel r\u00e9gime fiscal s&rsquo;applique \u00e0 la revente d&rsquo;un bien LMNP ?<\/h2>\n\n\n\n<h3 class=\"wp-block-heading\" id=\"h-regime-plus-values-particuliers\">Un r\u00e9gime align\u00e9 sur les plus-values immobili\u00e8res des particuliers<\/h3>\n\n\n\n<p class=\"wp-block-paragraph\">Contrairement \u00e0 ce que l&rsquo;on pourrait croire, le loueur en meubl\u00e9 non professionnel ne b\u00e9n\u00e9ficie pas du r\u00e9gime des plus-values professionnelles lors de la revente de son bien. M\u00eame si les loyers per\u00e7us sont impos\u00e9s dans la cat\u00e9gorie des b\u00e9n\u00e9fices industriels et commerciaux (BIC), la plus-value r\u00e9alis\u00e9e \u00e0 la cession rel\u00e8ve du <a href=\"https:\/\/www.impots.gouv.fr\/particulier\/questions\/je-vends-un-bien-immobilier-donne-en-location-meublee-comment-se-calcule-la\" target=\"_blank\" rel=\"noopener\">r\u00e9gime des plus-values immobili\u00e8res des particuliers<\/a>, d\u00e9fini aux articles 150 U et suivants du Code G\u00e9n\u00e9ral des Imp\u00f4ts. Cette r\u00e8gle est confirm\u00e9e par l&rsquo;administration fiscale sur impots.gouv.fr et dans le BOFiP.<\/p>\n\n\n\n<p class=\"wp-block-paragraph\">Concr\u00e8tement, cela signifie que la plus-value est soumise \u00e0 un taux global de 36,2 %, soit 19 % d&rsquo;imp\u00f4t sur le revenu et 17,2 % de pr\u00e9l\u00e8vements sociaux. Si la plus-value nette d\u00e9passe 50 000 euros, une surtaxe progressive de 2 % \u00e0 6 % vient s&rsquo;ajouter \u00e0 ce montant. Ces taux s&rsquo;appliquent avant prise en compte des abattements pour dur\u00e9e de d\u00e9tention.<\/p>\n\n\n\n<h2 class=\"wp-block-heading\" id=\"h-comment-se-calcule-la-plus-value-a-la-revente-dun-bien-lmnp\">Comment se calcule la plus-value \u00e0 la revente d&rsquo;un bien LMNP ?<\/h2>\n\n\n\n<h3 class=\"wp-block-heading\" id=\"h-calcul-plus-value-lmnp\">Prix de cession, prix d&rsquo;acquisition corrig\u00e9 et amortissements<\/h3>\n\n\n\n<p class=\"wp-block-paragraph\">La plus-value brute est obtenue en soustrayant le prix d&rsquo;acquisition corrig\u00e9 du prix de cession corrig\u00e9. Le prix de cession correspond au prix de vente diminu\u00e9 des frais et taxes support\u00e9s par le vendeur. Le prix d&rsquo;acquisition corrig\u00e9 inclut le prix d&rsquo;achat initial, les frais d&rsquo;acquisition comme les frais de notaire, et les travaux r\u00e9alis\u00e9s sous certaines conditions.<\/p>\n\n\n\n<figure class=\"wp-block-image\"><img decoding=\"async\" src=\"https:\/\/adel-lahlou.fr\/blog\/wp-content\/uploads\/2026\/09\/lmnp-plus-value-revente-fiscalite.webp\" alt=\"lmnp plus-value, revente lmnp, fiscalit\u00e9 revente location meubl\u00e9e\" title=\"lmnp plus-value, revente lmnp, fiscalit\u00e9 revente location meubl\u00e9e\" loading=\"lazy\" width=\"1200\" height=\"675\" style=\"width:100%;height:auto;border-radius:8px;\" \/><\/figure>\n\n\n\n<p class=\"wp-block-paragraph\">C&rsquo;est sur ce point que la r\u00e9forme de 2025 change profond\u00e9ment la donne. Depuis les ventes r\u00e9alis\u00e9es \u00e0 compter du <a href=\"https:\/\/www.quechoisir.org\/actualite-location-meublee-les-regles-de-revente-se-durcissent-n165388\/\" target=\"_blank\" rel=\"noopener\">16 f\u00e9vrier 2025, les amortissements d\u00e9duits pendant la p\u00e9riode de location au r\u00e9gime r\u00e9el BIC doivent \u00eatre r\u00e9int\u00e9gr\u00e9s dans le calcul de la plus-value<\/a>. Techniquement, cela revient \u00e0 diminuer le prix d&rsquo;acquisition du montant des amortissements pratiqu\u00e9s, ce qui augmente m\u00e9caniquement la plus-value brute imposable. Un investisseur qui a d\u00e9duit 40 000 euros d&rsquo;amortissements sur dix ans verra son prix d&rsquo;acquisition r\u00e9duit d&rsquo;autant, et sa plus-value gonfl\u00e9e en cons\u00e9quence.<\/p>\n\n\n\n<p class=\"wp-block-paragraph\">Voici un exemple simplifi\u00e9 pour illustrer ce m\u00e9canisme : prix d&rsquo;achat 200 000 euros, frais de notaire 16 000 euros, amortissements d\u00e9duits sur 10 ans 50 000 euros, prix de vente 260 000 euros. Prix d&rsquo;acquisition corrig\u00e9 apr\u00e8s r\u00e9int\u00e9gration : 200 000 + 16 000 &#8211; 50 000 = 166 000 euros. Plus-value brute : 260 000 &#8211; 166 000 = 94 000 euros. Sans r\u00e9int\u00e9gration, la plus-value n&rsquo;aurait \u00e9t\u00e9 que de 44 000 euros. L&rsquo;\u00e9cart est consid\u00e9rable.<\/p>\n\n\n\n<blockquote class=\"is-layout-flow wp-block-quote-is-layout-flow\"><strong>Important :<\/strong> Depuis le 16 f\u00e9vrier 2025, la r\u00e9int\u00e9gration des amortissements dans le calcul de la plus-value LMNP est obligatoire pour toutes les cessions. Cette r\u00e8gle s&rsquo;applique quel que soit le r\u00e9gime fiscal choisi pendant la d\u00e9tention, d\u00e8s lors que des amortissements ont \u00e9t\u00e9 d\u00e9duits au r\u00e9gime r\u00e9el BIC. Il est donc essentiel de conserver une comptabilit\u00e9 pr\u00e9cise de tous les amortissements pratiqu\u00e9s.<\/blockquote>\n\n\n\n<h2 class=\"wp-block-heading\" id=\"h-abattements-et-exonerations-selon-la-duree-de-detention\">Abattements et exon\u00e9rations selon la dur\u00e9e de d\u00e9tention<\/h2>\n\n\n\n<h3 class=\"wp-block-heading\" id=\"h-abattements-duree-detention-lmnp\">Des abattements progressifs selon la dur\u00e9e de d\u00e9tention<\/h3>\n\n\n\n<p class=\"wp-block-paragraph\">Comme pour n&rsquo;importe quelle plus-value immobili\u00e8re des particuliers, des abattements progressifs s&rsquo;appliquent en fonction de la dur\u00e9e de d\u00e9tention du bien. Ces abattements sont calcul\u00e9s s\u00e9par\u00e9ment pour l&rsquo;imp\u00f4t sur le revenu et pour les pr\u00e9l\u00e8vements sociaux, avec une <a href=\"https:\/\/www.impots.gouv.fr\/particulier\/questions\/je-vends-mon-bien-immobilier-vais-je-payer-de-la-plus-value-immobiliere\" target=\"_blank\" rel=\"noopener\">exon\u00e9ration totale d&rsquo;imp\u00f4t sur le revenu apr\u00e8s 22 ans et des pr\u00e9l\u00e8vements sociaux apr\u00e8s 30 ans<\/a>.<\/p>\n\n\n\n<p class=\"wp-block-paragraph\">Le tableau suivant r\u00e9sume les seuils d&rsquo;exon\u00e9ration progressive :<\/p>\n\n\n\n<figure class=\"wp-block-table\"><table>\n<caption>Abattements pour dur\u00e9e de d\u00e9tention sur la plus-value LMNP<\/caption>\n<thead>\n<tr>\n<th>Dur\u00e9e de d\u00e9tention<\/th>\n<th>Abattement IR (19 %)<\/th>\n<th>Abattement PS (17,2 %)<\/th>\n<\/tr>\n<\/thead>\n<tbody>\n<tr>\n<td>Moins de 5 ans<\/td>\n<td>0 %<\/td>\n<td>0 %<\/td>\n<\/tr>\n<tr>\n<td>De 6 \u00e0 21 ans<\/td>\n<td>6 % par ann\u00e9e<\/td>\n<td>1,65 % par ann\u00e9e<\/td>\n<\/tr>\n<tr>\n<td>22e ann\u00e9e r\u00e9volue<\/td>\n<td>4 % (exon\u00e9ration totale)<\/td>\n<td>1,60 %<\/td>\n<\/tr>\n<tr>\n<td>De 23 \u00e0 30 ans<\/td>\n<td>Exon\u00e9ration totale<\/td>\n<td>9 % par ann\u00e9e<\/td>\n<\/tr>\n<tr>\n<td>Au-del\u00e0 de 30 ans<\/td>\n<td>Exon\u00e9ration totale<\/td>\n<td>Exon\u00e9ration totale<\/td>\n<\/tr>\n<\/tbody>\n<\/table><\/figure>\n\n\n\n<p class=\"wp-block-paragraph\">Ces abattements s&rsquo;appliquent \u00e0 la plus-value brute, qui inclut d\u00e9sormais les amortissements r\u00e9int\u00e9gr\u00e9s. Cela signifie qu&rsquo;une plus-value plus \u00e9lev\u00e9e en base de calcul n\u00e9cessite une dur\u00e9e de d\u00e9tention plus longue pour que l&rsquo;abattement compense l&rsquo;effet de la r\u00e9int\u00e9gration. L&rsquo;arbitrage entre maintenir le bien en location et le c\u00e9der devient donc une d\u00e9cision patrimoniale \u00e0 part enti\u00e8re, \u00e0 envisager dans le cadre d&rsquo;une <a href=\"https:\/\/adel-lahlou.fr\/blog\/index.php\/category\/fiscalite\">strat\u00e9gie fiscale globale<\/a>.<\/p>\n\n\n\n<h2 class=\"wp-block-heading\" id=\"h-lmnp-en-residence-de-services-des-specificites-a-ne-pas-ignorer\">LMNP en r\u00e9sidence de services : des sp\u00e9cificit\u00e9s \u00e0 ne pas ignorer<\/h2>\n\n\n\n<h3 class=\"wp-block-heading\" id=\"h-specifites-residences-services-lmnp\">Les cons\u00e9quences fiscales et patrimoniales \u00e0 la revente<\/h3>\n\n\n\n<p class=\"wp-block-paragraph\">Les biens acquis dans le cadre d&rsquo;une r\u00e9sidence de services, qu&rsquo;il s&rsquo;agisse d&rsquo;une r\u00e9sidence \u00e9tudiante, d&rsquo;une r\u00e9sidence seniors, d&rsquo;un EHPAD ou d&rsquo;une r\u00e9sidence de tourisme, pr\u00e9sentent des particularit\u00e9s importantes \u00e0 la revente. Ces biens sont exploit\u00e9s sous bail commercial sign\u00e9 avec un gestionnaire, ce qui cr\u00e9e une d\u00e9pendance \u00e0 la solidit\u00e9 financi\u00e8re de l&rsquo;exploitant et \u00e0 la dur\u00e9e restante du bail.<\/p>\n\n\n\n<p class=\"wp-block-paragraph\">Sur le plan fiscal, le r\u00e9gime de la plus-value reste identique : il s&rsquo;agit toujours du r\u00e9gime des particuliers. Mais ces biens ont g\u00e9n\u00e9ralement fait l&rsquo;objet d&rsquo;amortissements \u00e9lev\u00e9s pendant leur p\u00e9riode de d\u00e9tention, portant \u00e0 la fois sur l&rsquo;immobilier et sur le mobilier. Avec la r\u00e9int\u00e9gration des amortissements d\u00e9sormais obligatoire, la base de plus-value imposable peut \u00eatre tr\u00e8s significative, en particulier pour des investisseurs qui ont d\u00e9tenu leur bien moins de dix ans.<\/p>\n\n\n\n<p class=\"wp-block-paragraph\">La revente sur le march\u00e9 secondaire de ces r\u00e9sidences est \u00e9galement soumise \u00e0 des contraintes de liquidit\u00e9 sp\u00e9cifiques : les acqu\u00e9reurs potentiels sont moins nombreux que sur le march\u00e9 r\u00e9sidentiel classique, ce qui peut peser sur le prix de cession et donc sur le gain net r\u00e9alis\u00e9.<\/p>\n\n\n\n<blockquote class=\"is-layout-flow wp-block-quote-is-layout-flow\"><strong>Bon \u00e0 savoir :<\/strong> La revente d&rsquo;un bien LMNP en r\u00e9sidence de services ne lib\u00e8re pas automatiquement le vendeur de ses obligations contractuelles envers l&rsquo;exploitant. Il est indispensable de v\u00e9rifier les clauses du bail commercial avant d&rsquo;engager une proc\u00e9dure de cession, notamment les conditions de transfert du bail \u00e0 l&rsquo;acqu\u00e9reur.<\/blockquote>\n\n\n\n<h2 class=\"wp-block-heading\" id=\"h-comment-optimiser-la-fiscalite-de-sortie-dun-investissement-lmnp\">Comment optimiser la fiscalit\u00e9 de sortie d&rsquo;un investissement LMNP ?<\/h2>\n\n\n\n<p class=\"wp-block-paragraph\">Anticiper la sortie d\u00e8s l&rsquo;achat est la r\u00e8gle d&rsquo;or. Plusieurs leviers permettent d&rsquo;optimiser la fiscalit\u00e9 de la revente d&rsquo;un bien en location meubl\u00e9e non professionnelle :<\/p>\n\n\n\n<figure class=\"wp-block-image\"><img decoding=\"async\" src=\"https:\/\/adel-lahlou.fr\/blog\/wp-content\/uploads\/2026\/09\/lmnp-plus-value-revente-fiscalite-lahlou.webp\" alt=\"lmnp plus-value, revente lmnp, fiscalit\u00e9 revente location meubl\u00e9e\" title=\"lmnp plus-value, revente lmnp, fiscalit\u00e9 revente location meubl\u00e9e\" loading=\"lazy\" width=\"1200\" height=\"675\" style=\"width:100%;height:auto;border-radius:8px;\" \/><\/figure>\n\n\n\n<ol class=\"wp-block-list\">\n\n<li>La dur\u00e9e de d\u00e9tention : attendre la 22e ann\u00e9e pour c\u00e9der permet d&rsquo;\u00eatre totalement exon\u00e9r\u00e9 d&rsquo;imp\u00f4t sur le revenu sur la plus-value, et attendre la 30e ann\u00e9e permet d&rsquo;\u00eatre exon\u00e9r\u00e9 \u00e9galement des pr\u00e9l\u00e8vements sociaux. Dans un contexte o\u00f9 la r\u00e9int\u00e9gration des amortissements augmente la base imposable, cette strat\u00e9gie de long terme prend encore plus de sens.<\/li>\n\n\n<li>Le suivi rigoureux des amortissements : tenir une comptabilit\u00e9 pr\u00e9cise des amortissements pratiqu\u00e9s chaque ann\u00e9e permet de simuler avec exactitude la plus-value future et d&rsquo;anticiper l&rsquo;impact fiscal \u00e0 diff\u00e9rentes dates de cession. C&rsquo;est un travail que doit r\u00e9aliser l&rsquo;expert-comptable en lien avec le <a href=\"https:\/\/adel-lahlou.fr\/qui-suis-je.html\">conseiller en gestion de patrimoine<\/a>.<\/li>\n\n\n<li>La simulation patrimoniale avant toute d\u00e9cision de vente : comparer le co\u00fbt fiscal de la cession \u00e0 la valeur des loyers nets per\u00e7us sur les ann\u00e9es restantes, en tenant compte de l&rsquo;\u00e9volution probable du march\u00e9. Cette analyse d&rsquo;arbitrage d\u00e9tention\/cession est au c\u0153ur de ce que nous proposons dans le cadre d&rsquo;un <a href=\"https:\/\/adel-lahlou.fr\/mon-offre.html\">bilan patrimonial complet<\/a>.<\/li>\n\n\n<li>La v\u00e9rification des travaux suppl\u00e9mentaires r\u00e9alis\u00e9s avant la cession, qui peuvent \u00eatre int\u00e9gr\u00e9s dans le prix d&rsquo;acquisition corrig\u00e9 pour r\u00e9duire la plus-value brute. Cette option m\u00e9rite d&rsquo;\u00eatre \u00e9tudi\u00e9e au cas par cas avec un professionnel.<\/li>\n\n<\/ol>\n\n\n\n<h2 class=\"wp-block-heading\" id=\"h-lmnp-versus-location-nue-quelle-difference-a-la-revente\">LMNP versus location nue : quelle diff\u00e9rence \u00e0 la revente ?<\/h2>\n\n\n\n<p class=\"wp-block-paragraph\">Un propri\u00e9taire qui loue son bien en location nue ne pratique pas d&rsquo;amortissements comptables. Il n&rsquo;est donc pas concern\u00e9 par la r\u00e9int\u00e9gration des amortissements lors de la revente. Sa plus-value est calcul\u00e9e de fa\u00e7on plus simple, sans ce m\u00e9canisme de majoration de la base imposable. En revanche, il n&rsquo;a pas b\u00e9n\u00e9fici\u00e9 des avantages fiscaux li\u00e9s aux amortissements pendant la phase de location.<\/p>\n\n\n\n<p class=\"wp-block-paragraph\">La comparaison entre les deux r\u00e9gimes ne peut donc pas se limiter \u00e0 la fiscalit\u00e9 de sortie. Elle doit int\u00e9grer l&rsquo;ensemble du cycle de vie de l&rsquo;investissement : fiscalit\u00e9 des loyers, cashflow net, dur\u00e9e de d\u00e9tention envisag\u00e9e et objectif patrimonial. C&rsquo;est pr\u00e9cis\u00e9ment ce type d&rsquo;analyse globale qui permet de choisir le r\u00e9gime le plus adapt\u00e9 \u00e0 sa situation.<\/p>\n\n\n\n<h2 class=\"wp-block-heading\" id=\"h-faut-il-vendre-avant-ou-apres-la-reforme-des-amortissements-de-2025\">Faut-il vendre avant ou apr\u00e8s la r\u00e9forme des amortissements de 2025 ?<\/h2>\n\n\n\n<p class=\"wp-block-paragraph\">La question s&rsquo;est pos\u00e9e pour de nombreux investisseurs en d\u00e9but d&rsquo;ann\u00e9e 2025. Pour les biens c\u00e9d\u00e9s avant le 16 f\u00e9vrier 2025, les amortissements n&rsquo;\u00e9taient pas r\u00e9int\u00e9gr\u00e9s dans le calcul de la plus-value. Pour les cessions post\u00e9rieures \u00e0 cette date, la r\u00e9int\u00e9gration est obligatoire. Cette distinction est d\u00e9sormais sans objet pour les nouveaux investisseurs, mais elle reste importante pour comprendre l&rsquo;historique r\u00e9glementaire et \u00e9valuer les situations en cours.<\/p>\n\n\n\n<p class=\"wp-block-paragraph\">Pour ceux qui envisagent de vendre dans les prochaines ann\u00e9es, la priorit\u00e9 est de simuler pr\u00e9cis\u00e9ment leur plus-value nette apr\u00e8s r\u00e9int\u00e9gration des amortissements, application des abattements li\u00e9s \u00e0 la dur\u00e9e de d\u00e9tention et d\u00e9duction de la surtaxe \u00e9ventuelle. Notre <a href=\"https:\/\/adel-lahlou.fr\/simulateur.html\">simulateur<\/a> peut constituer un premier point de rep\u00e8re avant un accompagnement personnalis\u00e9.<\/p>\n\n\n\n<h2 class=\"wp-block-heading\" id=\"h-aller-plus-loin-avec-lmnp-plus-value-revente-fiscalite\">Aller plus loin avec la lmnp plus-value revente fiscalit\u00e9<\/h2>\n\n\n\n<p class=\"wp-block-paragraph\">Un bon investissement LMNP ne se juge pas seulement \u00e0 l&rsquo;entr\u00e9e. La lmnp plus-value revente fiscalit\u00e9 est une composante centrale de la rentabilit\u00e9 globale de l&rsquo;op\u00e9ration, et la r\u00e9forme de 2025 a renforc\u00e9 cette r\u00e9alit\u00e9. Anticiper la dur\u00e9e de d\u00e9tention, suivre rigoureusement ses amortissements, simuler sa plus-value avant de vendre et comprendre les sp\u00e9cificit\u00e9s de son type de bien sont des \u00e9tapes indispensables pour ne pas subir une fiscalit\u00e9 que l&rsquo;on aurait pu optimiser.<\/p>\n\n\n\n<figure class=\"wp-block-image\"><img decoding=\"async\" src=\"https:\/\/adel-lahlou.fr\/blog\/wp-content\/uploads\/2026\/09\/lmnp-plus-value-revente-fiscalite-lahlou-2.webp\" alt=\"lmnp plus-value, revente lmnp, fiscalit\u00e9 revente location meubl\u00e9e\" title=\"lmnp plus-value, revente lmnp, fiscalit\u00e9 revente location meubl\u00e9e\" loading=\"lazy\" width=\"1200\" height=\"675\" style=\"width:100%;height:auto;border-radius:8px;\" \/><\/figure>\n\n\n\n<p class=\"wp-block-paragraph\">Si tu souhaites faire le point sur ta situation et envisager une strat\u00e9gie de sortie adapt\u00e9e, tu peux nous <a href=\"https:\/\/adel-lahlou.fr\/contact.html\">contacter directement<\/a> pour un bilan patrimonial complet.<\/p>\n\n\n\n<h2 class=\"wp-block-heading\" id=\"h-questions-frequentes-sur-la-lmnp-plus-value-revente-fiscalite\">FAQ<\/h2>\n\n\n\n<h3 class=\"wp-block-heading\" id=\"h-quest-ce-qui-change-avec-la-reintegration-des-amortissements\">Qu&rsquo;est-ce qui change concr\u00e8tement avec la r\u00e9int\u00e9gration des amortissements depuis 2025 ?<\/h3>\n\n\n\n<p class=\"wp-block-paragraph\">Avant le 16 f\u00e9vrier 2025, un investisseur LMNP au r\u00e9gime r\u00e9el pouvait vendre son bien sans que les amortissements d\u00e9duits pendant la location soient pris en compte dans le calcul de la plus-value. Depuis cette date, ces amortissements viennent r\u00e9duire le prix d&rsquo;acquisition corrig\u00e9, ce qui augmente m\u00e9caniquement la plus-value brute imposable. Plus les amortissements d\u00e9duits sont importants, plus la base taxable \u00e0 la revente est \u00e9lev\u00e9e.<\/p>\n\n\n\n<h3 class=\"wp-block-heading\" id=\"h-le-regime-micro-bic-est-il-concerne\">Le r\u00e9gime micro-BIC est-il \u00e9galement concern\u00e9 par la r\u00e9int\u00e9gration des amortissements ?<\/h3>\n\n\n\n<p class=\"wp-block-paragraph\">Non. Le r\u00e9gime micro-BIC ne permet pas de d\u00e9duire des amortissements. Seuls les investisseurs ayant opt\u00e9 pour le r\u00e9gime r\u00e9el BIC et ayant effectivement pratiqu\u00e9 des amortissements sont concern\u00e9s par leur r\u00e9int\u00e9gration dans le calcul de la plus-value \u00e0 la revente.<\/p>\n\n\n\n<h3 class=\"wp-block-heading\" id=\"h-peut-on-etre-totalement-exonere-de-plus-value\">Peut-on \u00eatre totalement exon\u00e9r\u00e9 de plus-value lors de la revente d&rsquo;un bien LMNP ?<\/h3>\n\n\n\n<p class=\"wp-block-paragraph\">Oui, \u00e0 condition de d\u00e9tenir le bien suffisamment longtemps. L&rsquo;exon\u00e9ration totale d&rsquo;imp\u00f4t sur le revenu intervient apr\u00e8s 22 ans de d\u00e9tention. L&rsquo;exon\u00e9ration totale des pr\u00e9l\u00e8vements sociaux intervient apr\u00e8s 30 ans. Ces seuils s&rsquo;appliquent \u00e0 la plus-value nette apr\u00e8s abattements, qui inclut d\u00e9sormais les amortissements r\u00e9int\u00e9gr\u00e9s dans la base de calcul.<\/p>\n\n\n\n<h3 class=\"wp-block-heading\" id=\"h-la-surtaxe-sapplique-t-elle-aux-lmnp\">La surtaxe sur les plus-values \u00e9lev\u00e9es s&rsquo;applique-t-elle aussi aux LMNP ?<\/h3>\n\n\n\n<p class=\"wp-block-paragraph\">Oui. Lorsque la plus-value nette imposable d\u00e9passe 50 000 euros, une surtaxe progressive s&rsquo;applique en plus des 19 % d&rsquo;imp\u00f4t sur le revenu. Son taux varie de 2 % \u00e0 6 % selon le montant de la plus-value. Elle concerne toutes les plus-values immobili\u00e8res des particuliers, y compris celles r\u00e9alis\u00e9es lors de la revente d&rsquo;un bien en location meubl\u00e9e non professionnelle.<\/p>\n\n\n\n<h3 class=\"wp-block-heading\" id=\"h-comment-est-traite-le-bien-si-passage-en-lmp\">Comment est trait\u00e9 le bien LMNP si le propri\u00e9taire passe au statut de loueur en meubl\u00e9 professionnel (LMP) avant la revente ?<\/h3>\n\n\n\n<p class=\"wp-block-paragraph\">Si le propri\u00e9taire a le statut de LMP au moment de la cession, la plus-value rel\u00e8ve alors du r\u00e9gime des plus-values professionnelles et non du r\u00e9gime des particuliers. Les r\u00e8gles de calcul, les abattements et les exon\u00e9rations sont diff\u00e9rents. Ce changement de r\u00e9gime peut \u00eatre avantageux dans certains cas, notamment en cas d&rsquo;exon\u00e9ration li\u00e9e \u00e0 des recettes inf\u00e9rieures \u00e0 certains seuils, mais il n\u00e9cessite une analyse pr\u00e9cise de la situation personnelle.<\/p>\n\n\n\n<h2 class=\"wp-block-heading\" id=\"h-conclusion\">En r\u00e9sum\u00e9 sur la fiscalit\u00e9 de la revente LMNP<\/h2>\n\n\n\n<p class=\"wp-block-paragraph\">En int\u00e9grant d\u00e9sormais les amortissements dans le calcul de la plus-value, la fiscalit\u00e9 de la revente LMNP renforce encore l&rsquo;importance d&rsquo;une vision patrimoniale de long terme. Le choix du r\u00e9gime (r\u00e9el ou micro-BIC), la dur\u00e9e de d\u00e9tention, la nature du bien (classique ou r\u00e9sidence de services) et le moment de la cession doivent \u00eatre analys\u00e9s ensemble pour mesurer l&rsquo;impact global sur ton patrimoine.<\/p>\n\n\n\n<p class=\"wp-block-paragraph\">En t&rsquo;appuyant sur des simulations chiffr\u00e9es et sur un accompagnement professionnel, tu peux transformer cette contrainte fiscale en param\u00e8tre ma\u00eetris\u00e9 de ta strat\u00e9gie d&rsquo;investissement, plut\u00f4t qu&rsquo;en mauvaise surprise au moment de la sortie.<\/p>\n\n<\/div><\/div>\n","protected":false},"excerpt":{"rendered":"<p>Comprendre la lmnp plus-value revente fiscalit\u00e9 pour optimiser ta sortie : calcul, r\u00e9int\u00e9gration des amortissements 2025, abattements et strat\u00e9gies concr\u00e8tes.<\/p>\n","protected":false},"author":3,"featured_media":225,"comment_status":"closed","ping_status":"open","sticky":false,"template":"","format":"standard","meta":{"footnotes":""},"categories":[9,3,2,6,4,8,5],"tags":[],"class_list":["post-229","post","type-post","status-publish","format-standard","has-post-thumbnail","hentry","category-actualites","category-fiscalite","category-immobilier","category-placements","category-retraite","category-strategie","category-transmission"],"_links":{"self":[{"href":"https:\/\/adel-lahlou.fr\/blog\/index.php\/wp-json\/wp\/v2\/posts\/229","targetHints":{"allow":["GET"]}}],"collection":[{"href":"https:\/\/adel-lahlou.fr\/blog\/index.php\/wp-json\/wp\/v2\/posts"}],"about":[{"href":"https:\/\/adel-lahlou.fr\/blog\/index.php\/wp-json\/wp\/v2\/types\/post"}],"author":[{"embeddable":true,"href":"https:\/\/adel-lahlou.fr\/blog\/index.php\/wp-json\/wp\/v2\/users\/3"}],"replies":[{"embeddable":true,"href":"https:\/\/adel-lahlou.fr\/blog\/index.php\/wp-json\/wp\/v2\/comments?post=229"}],"version-history":[{"count":0,"href":"https:\/\/adel-lahlou.fr\/blog\/index.php\/wp-json\/wp\/v2\/posts\/229\/revisions"}],"wp:featuredmedia":[{"embeddable":true,"href":"https:\/\/adel-lahlou.fr\/blog\/index.php\/wp-json\/wp\/v2\/media\/225"}],"wp:attachment":[{"href":"https:\/\/adel-lahlou.fr\/blog\/index.php\/wp-json\/wp\/v2\/media?parent=229"}],"wp:term":[{"taxonomy":"category","embeddable":true,"href":"https:\/\/adel-lahlou.fr\/blog\/index.php\/wp-json\/wp\/v2\/categories?post=229"},{"taxonomy":"post_tag","embeddable":true,"href":"https:\/\/adel-lahlou.fr\/blog\/index.php\/wp-json\/wp\/v2\/tags?post=229"}],"curies":[{"name":"wp","href":"https:\/\/api.w.org\/{rel}","templated":true}]}}